{"id":706,"date":"2017-03-18T22:00:08","date_gmt":"2017-03-18T21:00:08","guid":{"rendered":"http:\/\/mk-kiens.com\/?p=706"},"modified":"2017-04-19T14:49:07","modified_gmt":"2017-04-19T12:49:07","slug":"filmnacht-der-juka-kiens-terenten","status":"publish","type":"post","link":"https:\/\/mk-kiens.com\/index.php\/2017\/03\/18\/filmnacht-der-juka-kiens-terenten\/","title":{"rendered":"Filmnacht der JUKA Kiens-Terenten"},"content":{"rendered":"<h2>Am 18. M\u00e4rz organisierte die Jugendkapelle Kiens-Terenten eine Filmnacht<\/h2>\n<p>Die vier Jugendleiter der Kapellen Kiens-Terenten luden die jungen Musikanten zu einer gemeinsamen Filmnacht ein.<br \/>\nZuerst wurden die flei\u00dfigen Jungmusikanten mit einer Pizza bei der Pizzeria <a style=\"color: #bf9456;\" href=\"http:\/\/www.hotelzumhasen.com\/hotel\/willkommen\/\" target=\"_blank\">Zum Hasen<\/a> in Terenten gest\u00e4rkt. Anschlie\u00dfend haben wir im Jugendzentrum von Terenten einige Filme angeschaut. Es wurde Calcetto gespielt, Musik geh\u00f6rt, Reise nach Jerusalem gespielt und auch etwas geschlafen.<\/p>\n<div id=\"attachment_647\" style=\"width: 510px\" class=\"wp-caption alignnone\"><img loading=\"lazy\" decoding=\"async\" aria-describedby=\"caption-attachment-647\" class=\"wp-image-734\" src=\"https:\/\/mk-kiens.com\/wp-content\/uploads\/2017\/03\/filmnacht-02-1024x680.jpg\" alt=\"Filmnacht\" width=\"500\" height=\"332\" srcset=\"https:\/\/mk-kiens.com\/wp-content\/uploads\/2017\/03\/filmnacht-02-1024x680.jpg 1024w, https:\/\/mk-kiens.com\/wp-content\/uploads\/2017\/03\/filmnacht-02-300x199.jpg 300w, https:\/\/mk-kiens.com\/wp-content\/uploads\/2017\/03\/filmnacht-02-768x510.jpg 768w, https:\/\/mk-kiens.com\/wp-content\/uploads\/2017\/03\/filmnacht-02.jpg 1600w\" sizes=\"auto, (max-width: 500px) 100vw, 500px\" \/><p id=\"caption-attachment-647\" class=\"wp-caption-text\">Filmnacht und Pizzaessen unserer jungen Musikanten<\/p><\/div>\n<p>Am Sonntag haben wir gemeinsam gefr\u00fchst\u00fcckt und anschlie\u00dfend wurden die Kinder wieder von ihren Eltern abgeholt.<\/p>\n","protected":false},"excerpt":{"rendered":"<p>Am 18. M\u00e4rz organisierte die Jugendkapelle Kiens-Terenten eine Filmnacht Die vier Jugendleiter der Kapellen Kiens-Terenten luden die jungen Musikanten zu einer gemeinsamen Filmnacht ein. Zuerst wurden die flei\u00dfigen Jungmusikanten mit einer Pizza bei der Pizzeria Zum Hasen in Terenten gest\u00e4rkt. Anschlie\u00dfend haben wir im Jugendzentrum von Terenten einige Filme angeschaut. Es wurde Calcetto gespielt, Musik<br \/><a class=\"moretag\" href=\"https:\/\/mk-kiens.com\/index.php\/2017\/03\/18\/filmnacht-der-juka-kiens-terenten\/\">+ Lesen Sie mehr<\/a><\/p>\n","protected":false},"author":1,"featured_media":707,"comment_status":"closed","ping_status":"open","sticky":false,"template":"","format":"standard","meta":{"footnotes":""},"categories":[1],"tags":[],"class_list":["post-706","post","type-post","status-publish","format-standard","has-post-thumbnail","hentry","category-allgemein"],"_links":{"self":[{"href":"https:\/\/mk-kiens.com\/index.php\/wp-json\/wp\/v2\/posts\/706","targetHints":{"allow":["GET"]}}],"collection":[{"href":"https:\/\/mk-kiens.com\/index.php\/wp-json\/wp\/v2\/posts"}],"about":[{"href":"https:\/\/mk-kiens.com\/index.php\/wp-json\/wp\/v2\/types\/post"}],"author":[{"embeddable":true,"href":"https:\/\/mk-kiens.com\/index.php\/wp-json\/wp\/v2\/users\/1"}],"replies":[{"embeddable":true,"href":"https:\/\/mk-kiens.com\/index.php\/wp-json\/wp\/v2\/comments?post=706"}],"version-history":[{"count":10,"href":"https:\/\/mk-kiens.com\/index.php\/wp-json\/wp\/v2\/posts\/706\/revisions"}],"predecessor-version":[{"id":752,"href":"https:\/\/mk-kiens.com\/index.php\/wp-json\/wp\/v2\/posts\/706\/revisions\/752"}],"wp:featuredmedia":[{"embeddable":true,"href":"https:\/\/mk-kiens.com\/index.php\/wp-json\/wp\/v2\/media\/707"}],"wp:attachment":[{"href":"https:\/\/mk-kiens.com\/index.php\/wp-json\/wp\/v2\/media?parent=706"}],"wp:term":[{"taxonomy":"category","embeddable":true,"href":"https:\/\/mk-kiens.com\/index.php\/wp-json\/wp\/v2\/categories?post=706"},{"taxonomy":"post_tag","embeddable":true,"href":"https:\/\/mk-kiens.com\/index.php\/wp-json\/wp\/v2\/tags?post=706"}],"curies":[{"name":"wp","href":"https:\/\/api.w.org\/{rel}","templated":true}]}}