{"id":557,"date":"2017-02-03T14:43:15","date_gmt":"2017-02-03T13:43:15","guid":{"rendered":"http:\/\/mk-kiens.com\/?p=557"},"modified":"2017-02-22T16:52:04","modified_gmt":"2017-02-22T15:52:04","slug":"tag-der-offenen-tuer","status":"publish","type":"post","link":"https:\/\/mk-kiens.com\/index.php\/2017\/02\/03\/tag-der-offenen-tuer\/","title":{"rendered":"Tag der offenen T\u00fcr"},"content":{"rendered":"<h2>Die MK Kiens verbrachte mit den Volkssch\u00fclern einen tollen Tag der offenen T\u00fcr<\/h2>\n<p>Heute beim Tag der offenen T\u00fcr wurden den Sch\u00fclern der Grundschulen Ehrenburg, Kiens und St. Sigmund die Instrumente der Musikkapelle vorgestellt. Jeder der zahlreich erschienenen Volkssch\u00fcler konnte sich an diesem Tag \u00fcber unser Vereinsleben und das attraktive Ausbildungsangebot informieren. Zugleich konnten die Kleinen auch selbst die verschiedenen Blasinstrumente und das Schlagzeug ausprobieren. Unsere Musikanten stellten ihr jeweilige Instrument vor, spielte ein kleines Musikst\u00fcck vor, bevor dann die Sch\u00fcler selbst probieren durften.<\/p>\n<p>Nach Theorie und Praxis gab es zum Abschluss eine kleine St\u00e4rkung: Faschingskrapfen von der <a style=\"color: #bf9456;\" href=\"https:\/\/de-de.facebook.com\/B%C3%A4ckerei-Konditorei-Gatterer-222269101261846\/\" target=\"_blank\">B\u00e4ckerei Gatterer<\/a> aus Kiens.<\/p>\n<p>Ein gro\u00dfes Dank gilt unseren beiden Jugendleitern Maria Willeit und Peter Kammerer f\u00fcr die Organisation von diesem Tag. Weiters bedanken wir uns bei den Musikanten, welche sich Zeit genommen haben unserem Nachwuschs ihre Instrumente vorzustellen.<\/p>\n<p>Wir freuen uns, dass wir mit unserem Tag der offenen T\u00fcr wiederum unsere Sch\u00fcler aller 3 Schulen der Gemeinde Kiens einladen durften und mehrere Nachwuchsmusiker f\u00fcr unseren Verein begeistern konnten. Vielen Dank, an die Schulen, die unserer Einladung immer wieder gerne folgen!<\/p>\n<p>Falls du unseren Tag der offenen T\u00fcr verpasst haben sollten, gerne aber mehr \u00fcber unseren Verein wissen w\u00fcrdest, kannst du dich jeder Zeit gerne bei uns melden.<\/p>\n","protected":false},"excerpt":{"rendered":"<p>Die MK Kiens verbrachte mit den Volkssch\u00fclern einen tollen Tag der offenen T\u00fcr Heute beim Tag der offenen T\u00fcr wurden den Sch\u00fclern der Grundschulen Ehrenburg, Kiens und St. Sigmund die Instrumente der Musikkapelle vorgestellt. Jeder der zahlreich erschienenen Volkssch\u00fcler konnte sich an diesem Tag \u00fcber unser Vereinsleben und das attraktive Ausbildungsangebot informieren. Zugleich konnten die<br \/><a class=\"moretag\" href=\"https:\/\/mk-kiens.com\/index.php\/2017\/02\/03\/tag-der-offenen-tuer\/\">+ Lesen Sie mehr<\/a><\/p>\n","protected":false},"author":1,"featured_media":558,"comment_status":"open","ping_status":"open","sticky":false,"template":"","format":"standard","meta":{"footnotes":""},"categories":[1],"tags":[],"class_list":["post-557","post","type-post","status-publish","format-standard","has-post-thumbnail","hentry","category-allgemein"],"_links":{"self":[{"href":"https:\/\/mk-kiens.com\/index.php\/wp-json\/wp\/v2\/posts\/557","targetHints":{"allow":["GET"]}}],"collection":[{"href":"https:\/\/mk-kiens.com\/index.php\/wp-json\/wp\/v2\/posts"}],"about":[{"href":"https:\/\/mk-kiens.com\/index.php\/wp-json\/wp\/v2\/types\/post"}],"author":[{"embeddable":true,"href":"https:\/\/mk-kiens.com\/index.php\/wp-json\/wp\/v2\/users\/1"}],"replies":[{"embeddable":true,"href":"https:\/\/mk-kiens.com\/index.php\/wp-json\/wp\/v2\/comments?post=557"}],"version-history":[{"count":6,"href":"https:\/\/mk-kiens.com\/index.php\/wp-json\/wp\/v2\/posts\/557\/revisions"}],"predecessor-version":[{"id":687,"href":"https:\/\/mk-kiens.com\/index.php\/wp-json\/wp\/v2\/posts\/557\/revisions\/687"}],"wp:featuredmedia":[{"embeddable":true,"href":"https:\/\/mk-kiens.com\/index.php\/wp-json\/wp\/v2\/media\/558"}],"wp:attachment":[{"href":"https:\/\/mk-kiens.com\/index.php\/wp-json\/wp\/v2\/media?parent=557"}],"wp:term":[{"taxonomy":"category","embeddable":true,"href":"https:\/\/mk-kiens.com\/index.php\/wp-json\/wp\/v2\/categories?post=557"},{"taxonomy":"post_tag","embeddable":true,"href":"https:\/\/mk-kiens.com\/index.php\/wp-json\/wp\/v2\/tags?post=557"}],"curies":[{"name":"wp","href":"https:\/\/api.w.org\/{rel}","templated":true}]}}