{"id":1794,"date":"2023-04-12T17:45:52","date_gmt":"2023-04-12T15:45:52","guid":{"rendered":"https:\/\/mk-kiens.com\/?p=1794"},"modified":"2023-05-26T14:49:11","modified_gmt":"2023-05-26T12:49:11","slug":"tanzkurs-in-zusammenarbeit-mit-der-bauernjugend-kiens","status":"publish","type":"post","link":"https:\/\/mk-kiens.com\/index.php\/2023\/04\/12\/tanzkurs-in-zusammenarbeit-mit-der-bauernjugend-kiens\/","title":{"rendered":"Tanzkurs in Zusammenarbeit mit der Bauernjugend Kiens"},"content":{"rendered":"\n<h2 class=\"wp-block-heading\">Wir sind bereit f\u00fcr die Kirschta Saison!<\/h2>\n\n\n\n<p><\/p>\n\n\n\n<p>Am 16.02. bis zum 30.03 fand jeden Donnerstag der Tanzkurs der Musikkapelle und Bauernjugend Kiens statt. Es wurden zwei Kurse angeboten. Einer f\u00fcr Anf\u00e4nger, wo nicht nur die Grundschritte der verschieden Tanzarten wie Polka, Boarischer, Walzer und Fox erlernt und vertieft wurden, sondern auch einige leichte sogenannte Figuren, sodass man auf der Tanzb\u00fchne auch als Anf\u00e4nger Eindruck schaffen kann. Beim zweiten Kurs, jener f\u00fcr Fortgeschrittene, wurden Gro\u00dfteils anspruchsvollere Figuren und der Foxtrott ausgew\u00e4hlt. Es wurde gleich klar, dass das Erlernen von verschiedenen T\u00e4nzen und den dazugeh\u00f6rigen Figuren nach Rhythmusgef\u00fchl, Koordination, Nachdenken \u00fcber Schritte, Drehungen und K\u00f6rperhaltung verlangt. Unsere Teilnehmer hatten damit jedoch keine Probleme und setzen somit alle Anforderungen unseres Tanzlehrers G\u00fcnther mit Bravour um. Au\u00dferdem bestand die M\u00f6glichkeit beide Kurse zu besuchen, welche sehr viele nutzten. <\/p>\n\n\n\n<figure class=\"wp-block-image size-large\"><img loading=\"lazy\" decoding=\"async\" width=\"1024\" height=\"796\" src=\"https:\/\/mk-kiens.com\/wp-content\/uploads\/2023\/04\/747d8d80-8a17-46b9-a527-4b54329a10aa-2-1024x796.jpg\" alt=\"\" class=\"wp-image-1790\" srcset=\"https:\/\/mk-kiens.com\/wp-content\/uploads\/2023\/04\/747d8d80-8a17-46b9-a527-4b54329a10aa-2-1024x796.jpg 1024w, https:\/\/mk-kiens.com\/wp-content\/uploads\/2023\/04\/747d8d80-8a17-46b9-a527-4b54329a10aa-2-300x233.jpg 300w, https:\/\/mk-kiens.com\/wp-content\/uploads\/2023\/04\/747d8d80-8a17-46b9-a527-4b54329a10aa-2-768x597.jpg 768w, https:\/\/mk-kiens.com\/wp-content\/uploads\/2023\/04\/747d8d80-8a17-46b9-a527-4b54329a10aa-2.jpg 1200w\" sizes=\"auto, (max-width: 1024px) 100vw, 1024px\" \/><\/figure>\n\n\n\n<p>Wir lie\u00dfen uns sie M\u00f6glichkeit nicht nehmen unsere erlernten F\u00e4higkeiten auszutesten und zu vertiefen, somit suchten wir nach der Musikprobe am Freitag gerne das \u201eLife\u201c in Bruneck auf. Viele Musikanten und nicht Musikanten folgten uns gerne. Wir alle k\u00f6nnen von uns behaupten, dass der Tanzkurs ein voller Erfolg war und jeder nach dem Tanzkurs mit einem Lachen und v\u00f6llig ausgepowert ins Bett gefallen ist. Ein gro\u00dfes Dankesch\u00f6n gilt allen Teilnehmern und vor allem unserem Tanzlehrer G\u00fcnther, welcher uns immer und immer wieder motiviert und angespornt hat. Sicher ist, dass die Tanzb\u00fchnen wieder einige T\u00e4nzer dazugewonnen haben!<\/p>\n\n\n\n<figure class=\"wp-block-image size-large\"><img loading=\"lazy\" decoding=\"async\" width=\"1019\" height=\"1024\" src=\"https:\/\/mk-kiens.com\/wp-content\/uploads\/2023\/04\/4BD9835B-B14C-433B-97C0-298DE7024C0C-1019x1024.jpg\" alt=\"\" class=\"wp-image-1789\" srcset=\"https:\/\/mk-kiens.com\/wp-content\/uploads\/2023\/04\/4BD9835B-B14C-433B-97C0-298DE7024C0C-1019x1024.jpg 1019w, https:\/\/mk-kiens.com\/wp-content\/uploads\/2023\/04\/4BD9835B-B14C-433B-97C0-298DE7024C0C-298x300.jpg 298w, https:\/\/mk-kiens.com\/wp-content\/uploads\/2023\/04\/4BD9835B-B14C-433B-97C0-298DE7024C0C-150x150.jpg 150w, https:\/\/mk-kiens.com\/wp-content\/uploads\/2023\/04\/4BD9835B-B14C-433B-97C0-298DE7024C0C-768x772.jpg 768w, https:\/\/mk-kiens.com\/wp-content\/uploads\/2023\/04\/4BD9835B-B14C-433B-97C0-298DE7024C0C-1528x1536.jpg 1528w, https:\/\/mk-kiens.com\/wp-content\/uploads\/2023\/04\/4BD9835B-B14C-433B-97C0-298DE7024C0C-2037x2048.jpg 2037w\" sizes=\"auto, (max-width: 1019px) 100vw, 1019px\" \/><\/figure>\n","protected":false},"excerpt":{"rendered":"<p>Wir sind bereit f\u00fcr die Kirschta Saison! Am 16.02. bis zum 30.03 fand jeden Donnerstag der Tanzkurs der Musikkapelle und Bauernjugend Kiens statt. Es wurden zwei Kurse angeboten. Einer f\u00fcr Anf\u00e4nger, wo nicht nur die Grundschritte der verschieden Tanzarten wie Polka, Boarischer, Walzer und Fox erlernt und vertieft wurden, sondern auch einige leichte sogenannte Figuren,<br \/><a class=\"moretag\" href=\"https:\/\/mk-kiens.com\/index.php\/2023\/04\/12\/tanzkurs-in-zusammenarbeit-mit-der-bauernjugend-kiens\/\">+ Lesen Sie mehr<\/a><\/p>\n","protected":false},"author":1,"featured_media":0,"comment_status":"closed","ping_status":"open","sticky":false,"template":"","format":"standard","meta":{"footnotes":""},"categories":[1],"tags":[],"class_list":["post-1794","post","type-post","status-publish","format-standard","hentry","category-allgemein"],"_links":{"self":[{"href":"https:\/\/mk-kiens.com\/index.php\/wp-json\/wp\/v2\/posts\/1794","targetHints":{"allow":["GET"]}}],"collection":[{"href":"https:\/\/mk-kiens.com\/index.php\/wp-json\/wp\/v2\/posts"}],"about":[{"href":"https:\/\/mk-kiens.com\/index.php\/wp-json\/wp\/v2\/types\/post"}],"author":[{"embeddable":true,"href":"https:\/\/mk-kiens.com\/index.php\/wp-json\/wp\/v2\/users\/1"}],"replies":[{"embeddable":true,"href":"https:\/\/mk-kiens.com\/index.php\/wp-json\/wp\/v2\/comments?post=1794"}],"version-history":[{"count":2,"href":"https:\/\/mk-kiens.com\/index.php\/wp-json\/wp\/v2\/posts\/1794\/revisions"}],"predecessor-version":[{"id":1820,"href":"https:\/\/mk-kiens.com\/index.php\/wp-json\/wp\/v2\/posts\/1794\/revisions\/1820"}],"wp:attachment":[{"href":"https:\/\/mk-kiens.com\/index.php\/wp-json\/wp\/v2\/media?parent=1794"}],"wp:term":[{"taxonomy":"category","embeddable":true,"href":"https:\/\/mk-kiens.com\/index.php\/wp-json\/wp\/v2\/categories?post=1794"},{"taxonomy":"post_tag","embeddable":true,"href":"https:\/\/mk-kiens.com\/index.php\/wp-json\/wp\/v2\/tags?post=1794"}],"curies":[{"name":"wp","href":"https:\/\/api.w.org\/{rel}","templated":true}]}}