{"id":1376,"date":"2020-07-02T18:25:59","date_gmt":"2020-07-02T16:25:59","guid":{"rendered":"http:\/\/mk-kiens.com\/?p=1376"},"modified":"2020-07-02T18:25:59","modified_gmt":"2020-07-02T16:25:59","slug":"kiena-kirschta-zin-mitnemm","status":"publish","type":"post","link":"https:\/\/mk-kiens.com\/index.php\/2020\/07\/02\/kiena-kirschta-zin-mitnemm\/","title":{"rendered":"Kiena Kirschta &#8222;zin mitnemm&#8220;"},"content":{"rendered":"<p>Traditionellerweise findet am Herz-Jesu-Wochenende in Kiens der Kirschta statt. Auch heuer hat die Musikkapelle Kiens als symbolisches Zeichen den Kirschtamichlbam aufgestellt, von wo aus der Michl der ganzen Dorfgemeinschaft viel Gesundheit w\u00fcnschte.<\/p>\n<p><img loading=\"lazy\" decoding=\"async\" class=\"aligncenter size-full wp-image-1382\" src=\"https:\/\/mk-kiens.com\/wp-content\/uploads\/2020\/07\/01_Kirschtamichl.jpeg\" alt=\"\" width=\"745\" height=\"577\" srcset=\"https:\/\/mk-kiens.com\/wp-content\/uploads\/2020\/07\/01_Kirschtamichl.jpeg 745w, https:\/\/mk-kiens.com\/wp-content\/uploads\/2020\/07\/01_Kirschtamichl-300x232.jpeg 300w\" sizes=\"auto, (max-width: 745px) 100vw, 745px\" \/><\/p>\n<p>Da das traditionelle Fest nicht stattfinden konnte, war Kreativit\u00e4t gefragt. So entstand die Idee mit Hilfe der B\u00e4uerinnen Tirschtlan zu machen, welche die Bev\u00f6lkerung bestellen und abholen konnte. Die Idee kam sehr gut an und es wurden so viele Tirschtlan und Kirschtakropfn bestellt, dass die flei\u00dfigen freiwilligen Helfer den ganzen Nachmittag und Abend alle H\u00e4nde voll zu tun hatten. Wenn auch etwas anders als gewohnt, war der Kirschta dennoch ein voller Erfolg. Die Musikkapelle bedankt sich bei den B\u00e4uerinnen f\u00fcr ihre Hilfe und bei allen Tirschtlk\u00e4ufern und K\u00e4uferinnen f\u00fcr die zahlreichen Bestellungen und die Unterst\u00fctzung.<\/p>\n<p><img loading=\"lazy\" decoding=\"async\" class=\"aligncenter size-large wp-image-1377\" src=\"https:\/\/mk-kiens.com\/wp-content\/uploads\/2020\/07\/1_Tirschtlaktion-1024x683.jpg\" alt=\"\" width=\"1024\" height=\"683\" srcset=\"https:\/\/mk-kiens.com\/wp-content\/uploads\/2020\/07\/1_Tirschtlaktion-1024x683.jpg 1024w, https:\/\/mk-kiens.com\/wp-content\/uploads\/2020\/07\/1_Tirschtlaktion-300x200.jpg 300w, https:\/\/mk-kiens.com\/wp-content\/uploads\/2020\/07\/1_Tirschtlaktion-768x512.jpg 768w\" sizes=\"auto, (max-width: 1024px) 100vw, 1024px\" \/><\/p>\n<p>Am Herz-Jesu Sonntag war die Musikkapelle dann mit einer Abordnung bei der Prozession vertreten. Musikalisch begleitet wurde das Fest jedoch aus der Ferne von einer Bl\u00e4sergruppe.<\/p>\n<p><img loading=\"lazy\" decoding=\"async\" class=\"aligncenter size-large wp-image-1378\" src=\"https:\/\/mk-kiens.com\/wp-content\/uploads\/2020\/07\/3_Koflloch-1024x684.jpeg\" alt=\"\" width=\"1024\" height=\"684\" srcset=\"https:\/\/mk-kiens.com\/wp-content\/uploads\/2020\/07\/3_Koflloch.jpeg 1024w, https:\/\/mk-kiens.com\/wp-content\/uploads\/2020\/07\/3_Koflloch-300x200.jpeg 300w, https:\/\/mk-kiens.com\/wp-content\/uploads\/2020\/07\/3_Koflloch-768x513.jpeg 768w\" sizes=\"auto, (max-width: 1024px) 100vw, 1024px\" \/><\/p>\n","protected":false},"excerpt":{"rendered":"<p>Traditionellerweise findet am Herz-Jesu-Wochenende in Kiens der Kirschta statt. Auch heuer hat die Musikkapelle Kiens als symbolisches Zeichen den Kirschtamichlbam aufgestellt, von wo aus der Michl der ganzen Dorfgemeinschaft viel Gesundheit w\u00fcnschte. Da das traditionelle Fest nicht stattfinden konnte, war Kreativit\u00e4t gefragt. So entstand die Idee mit Hilfe der B\u00e4uerinnen Tirschtlan zu machen, welche die<br \/><a class=\"moretag\" href=\"https:\/\/mk-kiens.com\/index.php\/2020\/07\/02\/kiena-kirschta-zin-mitnemm\/\">+ Lesen Sie mehr<\/a><\/p>\n","protected":false},"author":1,"featured_media":1381,"comment_status":"closed","ping_status":"open","sticky":false,"template":"","format":"standard","meta":{"footnotes":""},"categories":[1],"tags":[],"class_list":["post-1376","post","type-post","status-publish","format-standard","has-post-thumbnail","hentry","category-allgemein"],"_links":{"self":[{"href":"https:\/\/mk-kiens.com\/index.php\/wp-json\/wp\/v2\/posts\/1376","targetHints":{"allow":["GET"]}}],"collection":[{"href":"https:\/\/mk-kiens.com\/index.php\/wp-json\/wp\/v2\/posts"}],"about":[{"href":"https:\/\/mk-kiens.com\/index.php\/wp-json\/wp\/v2\/types\/post"}],"author":[{"embeddable":true,"href":"https:\/\/mk-kiens.com\/index.php\/wp-json\/wp\/v2\/users\/1"}],"replies":[{"embeddable":true,"href":"https:\/\/mk-kiens.com\/index.php\/wp-json\/wp\/v2\/comments?post=1376"}],"version-history":[{"count":2,"href":"https:\/\/mk-kiens.com\/index.php\/wp-json\/wp\/v2\/posts\/1376\/revisions"}],"predecessor-version":[{"id":1383,"href":"https:\/\/mk-kiens.com\/index.php\/wp-json\/wp\/v2\/posts\/1376\/revisions\/1383"}],"wp:featuredmedia":[{"embeddable":true,"href":"https:\/\/mk-kiens.com\/index.php\/wp-json\/wp\/v2\/media\/1381"}],"wp:attachment":[{"href":"https:\/\/mk-kiens.com\/index.php\/wp-json\/wp\/v2\/media?parent=1376"}],"wp:term":[{"taxonomy":"category","embeddable":true,"href":"https:\/\/mk-kiens.com\/index.php\/wp-json\/wp\/v2\/categories?post=1376"},{"taxonomy":"post_tag","embeddable":true,"href":"https:\/\/mk-kiens.com\/index.php\/wp-json\/wp\/v2\/tags?post=1376"}],"curies":[{"name":"wp","href":"https:\/\/api.w.org\/{rel}","templated":true}]}}