{"id":1147,"date":"2018-07-29T22:00:29","date_gmt":"2018-07-29T20:00:29","guid":{"rendered":"http:\/\/mk-kiens.com\/?p=1147"},"modified":"2018-11-03T11:26:24","modified_gmt":"2018-11-03T10:26:24","slug":"38-tirolerfest-in-eupen-belgien","status":"publish","type":"post","link":"https:\/\/mk-kiens.com\/index.php\/2018\/07\/29\/38-tirolerfest-in-eupen-belgien\/","title":{"rendered":"38. Tirolerfest in Eupen (Belgien)"},"content":{"rendered":"<p>Ende Juli fuhren wir dann f\u00fcr drei Tage nach Belgien. Am Wochenende vom 27. bis 29. Juli hat sich Eupen (Belgien) in Klein-S\u00fcdtirol verwandelt. Das 38. Tirolerfest stand an, Gastland war in diesem Jahr S\u00fcdtirol und die Musikkapelle Kiens hat das Land S\u00fcdtirol musikalisch vertreten. Viel Musik und gute Stimmung waren an den drei Tagen Programm und das Wetter spielte auch noch mit.<\/p>\n<p>Gemeinsam mit den Schuhplattler aus Garen starteten wir am Donnerstagabend mit dem Bus nach Eupen in Belgien und kamen am Freitag in den fr\u00fchen Morgenstunden dort an. Nachdem wir von den Veranstalter LOVOS willkommen gehei\u00dfen worden sind, ging es zu unserer Unterkunft. Am Nachmittag haben wir die Schokoladenfabrik \u201eJacques\u201c angeschaut, bevor es dann am Abend musikalisch losging. Das Eupener Tirolerfest startete am Freitagabend zun\u00e4chst mit einer Open-Air Veranstaltung in der Unterstadt, bei der sich das diesj\u00e4hrige Gastland S\u00fcdtirol vorstellte und wir Musikanten unser erstes Konzert gaben.<\/p>\n<p>Der S\u00fcdtiroler Landeshauptmann Arno Kompatscher wurde von Landesrat Richard Theiner vertreten: \u201eIch bin sehr stolz und froh, dass S\u00fcdtirol dieses Jahr das Gastland sei, weil gerade diese beiden Regionen sehr viel verbindet\u201c, betonte er. \u201eAuf der einen Seite sind wir beide Minderheiten, leben beide im \u00dcbergang zwischen germanischen und romanischen Sprachen und wir haben beide f\u00fcr unsere Eigenst\u00e4ndigkeit gek\u00e4mpft. Wir lieben es nicht, dass wir fremdbestimmt werden.\u201c<\/p>\n<p>Anschlie\u00dfend wurde im Festzelt auf dem Werthplatz die H\u00fcttengaudi gefeiert. Auf der B\u00fchne stand die bayerische Band \u201eBlechblos\u2019n\u201c.<\/p>\n<p>Am Samstagvormittag wurden wir im Parlament der deutschsprachigen Gemeinschaft und im Rathaus empfangen. Nach dem Mittagessen stand der Aufmarsch auf dem Werthplatz auf dem Programm. Dann fand die Er\u00f6ffnung und Begr\u00fc\u00dfung durch Herrn Landesrat Dr. Richard Theiner, Ministerpr\u00e4sident Oliver Paasch, Dr. Hansi Pichler (IDM) und Patrick Heinen (LOVOS.) statt.<\/p>\n<p>Neben den Garner Schuhplattlern und dem Duo Schlernwind trat auch die Musikkapelle Kiens auf und verschiedene S\u00fcdtiroler Spezialit\u00e4ten konnten probiert werden. Am Abend umrahmten wir die Heiligen Messe in der St. Nikolauspfarrkirche.<\/p>\n<p>Sp\u00e4ter wurde dann im Festzelt weiter gefeiert. Wir Musikanten marschierten ins gro\u00dfe Festzelt ein und gaben ein Kurzkonzert. Nach uns spielten Vincent&amp;Fernando, Die Ladiner, Rosanna Rocci und das Schlern Sextett.<\/p>\n<p>Am Sonntag spielten wir in der St. Joseph Pfarrkirche, bevor wir beim traditionellen Fr\u00fchschoppen ein letztes Konzert gaben. Am sp\u00e4ten Nachmittag traten wir unsere Heimreise wieder an.<\/p>\n<p>Wir Kiena Musikanten hatten ein tolles Wochenende in Belgien, wir wurden sehr herzlich aufgenommen, haben tolle Konzerte gespielt und auch der Spa\u00df kam dabei nicht zu kurz.<\/p>\n","protected":false},"excerpt":{"rendered":"<p>Ende Juli fuhren wir dann f\u00fcr drei Tage nach Belgien. Am Wochenende vom 27. bis 29. Juli hat sich Eupen (Belgien) in Klein-S\u00fcdtirol verwandelt. Das 38. Tirolerfest stand an, Gastland war in diesem Jahr S\u00fcdtirol und die Musikkapelle Kiens hat das Land S\u00fcdtirol musikalisch vertreten. Viel Musik und gute Stimmung waren an den drei Tagen<br \/><a class=\"moretag\" href=\"https:\/\/mk-kiens.com\/index.php\/2018\/07\/29\/38-tirolerfest-in-eupen-belgien\/\">+ Lesen Sie mehr<\/a><\/p>\n","protected":false},"author":1,"featured_media":1148,"comment_status":"closed","ping_status":"open","sticky":false,"template":"","format":"standard","meta":{"footnotes":""},"categories":[1],"tags":[],"class_list":["post-1147","post","type-post","status-publish","format-standard","has-post-thumbnail","hentry","category-allgemein"],"_links":{"self":[{"href":"https:\/\/mk-kiens.com\/index.php\/wp-json\/wp\/v2\/posts\/1147","targetHints":{"allow":["GET"]}}],"collection":[{"href":"https:\/\/mk-kiens.com\/index.php\/wp-json\/wp\/v2\/posts"}],"about":[{"href":"https:\/\/mk-kiens.com\/index.php\/wp-json\/wp\/v2\/types\/post"}],"author":[{"embeddable":true,"href":"https:\/\/mk-kiens.com\/index.php\/wp-json\/wp\/v2\/users\/1"}],"replies":[{"embeddable":true,"href":"https:\/\/mk-kiens.com\/index.php\/wp-json\/wp\/v2\/comments?post=1147"}],"version-history":[{"count":2,"href":"https:\/\/mk-kiens.com\/index.php\/wp-json\/wp\/v2\/posts\/1147\/revisions"}],"predecessor-version":[{"id":1164,"href":"https:\/\/mk-kiens.com\/index.php\/wp-json\/wp\/v2\/posts\/1147\/revisions\/1164"}],"wp:featuredmedia":[{"embeddable":true,"href":"https:\/\/mk-kiens.com\/index.php\/wp-json\/wp\/v2\/media\/1148"}],"wp:attachment":[{"href":"https:\/\/mk-kiens.com\/index.php\/wp-json\/wp\/v2\/media?parent=1147"}],"wp:term":[{"taxonomy":"category","embeddable":true,"href":"https:\/\/mk-kiens.com\/index.php\/wp-json\/wp\/v2\/categories?post=1147"},{"taxonomy":"post_tag","embeddable":true,"href":"https:\/\/mk-kiens.com\/index.php\/wp-json\/wp\/v2\/tags?post=1147"}],"curies":[{"name":"wp","href":"https:\/\/api.w.org\/{rel}","templated":true}]}}